{"id":556,"date":"2022-05-25T23:31:13","date_gmt":"2022-05-25T21:31:13","guid":{"rendered":"https:\/\/www.outsourcing-iod.pl\/?p=556"},"modified":"2023-08-11T14:47:55","modified_gmt":"2023-08-11T12:47:55","slug":"monitoring-wizyjny-w-firmie","status":"publish","type":"post","link":"https:\/\/www.outsourcing-iod.pl\/index.php\/2022\/05\/25\/monitoring-wizyjny-w-firmie\/","title":{"rendered":"Monitoring wizyjny w firmie"},"content":{"rendered":"<h3>Monitoring wizyjny w firmie<\/h3>\n<p align=\"justify\"><span style=\"font-size: large;\">\u00a0\u00a0\u00a0\u00a0\u00a0\u00a0\u00a0\u00a0\u00a0 Nasze rozwa\u017cania dotycz\u0105ce monitoringu wizyjnego w\u00a0 miejscu pracy rozpocznijmy od zdefiniowania poj\u0119cia monitoring. Zgodnie z og\u00f3lnie przyj\u0119t\u0105 definicj\u0105, monitoring jest to proces sta\u0142ej obserwacji, kontroli i nadzoru. Mo\u017cna zatem stwierdzi\u0107, \u017ce monitoring w pracy to og\u00f3\u0142 czynno\u015bci podejmowanych w celu gromadzenia informacji o pracownikach poprzez r\u00f3\u017cn\u0105 form\u0119 obserwacji.<\/span><\/p>\n<p align=\"justify\"><span style=\"font-size: large;\">\u00a0\u00a0\u00a0\u00a0\u00a0\u00a0\u00a0\u00a0\u00a0 Zgodnie z przepisami ustawy z dnia 26 czerwca 1975r. &#8211; Kodeks pracy (Dz.U. z 2020r. poz. 1320 ze zm.) &#8211; dalej Kp tj. art. 22 \u00a7 1 oraz art. 100 \u00a7 1 pracodawca jako kierownik ma prawo kontroli pracownika w miejscu pracy, natomiast kontrola pracownika poza miejscem pracy i czasem pracy jest mo\u017cliwa tylko wtedy, gdy przepis prawa wyra\u017anie na to pozwala.<\/span><\/p>\n<p align=\"justify\">\u00a0\u00a0\u00a0\u00a0\u00a0\u00a0\u00a0\u00a0\u00a0\u00a0 <span style=\"font-size: large;\">W poni\u017cszym artykule przyjrzyjmy si\u0119 bli\u017cej zagadnieniu monitoringu wizyjnego.<\/span><\/p>\n<p align=\"justify\"><span style=\"font-size: large;\">Wytyczne odno\u015bnie monitoringu wizyjnego w miejscu pracy okre\u015bla przede wszystkim art. 22<sup>2 <\/sup>Kp, w my\u015bl kt\u00f3rego: \u201e<i>w przypadku, gdy jest to niezb\u0119dne do zapewnienia bezpiecze\u0144stwa pracownik\u00f3w lub ochrony mienia lub kontroli produkcji lub zachowania w tajemnicy informacji, kt\u00f3rych ujawnienie mog\u0142oby narazi\u0107 pracodawc\u0119 na szkod\u0119, pracodawca mo\u017ce wprowadzi\u0107 szczeg\u00f3lny nadz\u00f3r nad terenem zak\u0142adu pracy lub terenem wok\u00f3\u0142 zak\u0142adu pracy, w postaci \u015brodk\u00f3w technicznych umo\u017cliwiaj\u0105cych rejestracj\u0119 obrazu\u201d. <\/i><\/span><\/p>\n<p align=\"justify\"><span style=\"font-size: large;\">\u00a0\u00a0\u00a0\u00a0\u00a0\u00a0\u00a0\u00a0\u00a0 Analizuj\u0105c powy\u017cszy przepis prawa zwr\u00f3cimy uwag\u0119 na trzy istotne kwestie, mianowicie wskazano cele w jakich mo\u017ce funkcjonowa\u0107 monitoring na terenie firmy, obszary kt\u00f3re mo\u017cemy monitorowa\u0107 za pomoc\u0105 monitoringu oraz na fakt, i\u017c monitoring nie mo\u017ce rejestrowa\u0107 fonii. Nale\u017cy pami\u0119ta\u0107, \u017ce katalog cel\u00f3w jest katalogiem zamkni\u0119tym, nie mo\u017cna stosowa\u0107 tego typu kontroli pracownik\u00f3w do innych cel\u00f3w ni\u017c wymienione w powy\u017cszym przepisie prawa. O przyk\u0142adzie stosowania monitoringu wizyjnego przez pracodawc\u0119 niezgodnie z prawem przeczytacie Pa\u0144stwo w naszej sekcji pyta\u0144 i odpowiedzi \u201e<a href=\"https:\/\/www.outsourcing-iod.pl\/index.php\/czy-monitoring-wizyjny-zamontowany-u-pracodawcy-moze-sluzyc-do-kontroli-czasu-pracy-pracownika\/\">Czy monitoring wizyjny zamontowany u pracodawcy mo\u017ce s\u0142u\u017cy\u0107 do kontroli czasu pracy pracownika?<\/a>\u201d. <\/span><\/p>\n<p align=\"justify\"><span style=\"font-size: large;\">\u00a0\u00a0\u00a0\u00a0\u00a0\u00a0\u00a0\u00a0\u00a0 Musimy tak\u017ce pami\u0119ta\u0107, i\u017c stosowanie monitoringu w firmie musi by\u0107 zgodne z Rozporz\u0105dzeniem o ochronie danych osobowych. Opini\u0119 w powy\u017cszym zakresie przedstawi\u0142 Prezes Urz\u0119du Ochrony Danych Osobowych: \u201e<i>monitoring wizyjny jest bardzo inwazyjn\u0105 form\u0105 przetwarzania danych osobowych i jako taki powinien podlega\u0107 szczeg\u00f3lnej weryfikacji przez administratora potrzeby jego stosowania i konieczno\u015bci zabezpieczenia oraz kontroli przez organy kontrolne<\/i>\u201d.<\/span><\/p>\n<p align=\"justify\"><span style=\"font-size: large;\">\u00a0\u00a0\u00a0\u00a0\u00a0\u00a0\u00a0\u00a0\u00a0 Podstaw\u0105 prawn\u0105 zbierania danych osobowych w postaci nagra\u0144 b\u0119dzie w przypadku podmiot\u00f3w prywatnych art. 6 ust. 1 lit f RODO (prawnie uzasadniony interes), a co za tym idzie administrator musi przeprowadzi\u0107 opr\u00f3cz analizy ryzyka r\u00f3wnie\u017c test r\u00f3wnowagi, w kt\u00f3rym wywa\u017cy sw\u00f3j prawnie uzasadniony interes z mo\u017cliwo\u015bci\u0105 naruszenia d\u00f3br pracownika oraz jego prawa do ochrony danych. <\/span><\/p>\n<p align=\"justify\"><span style=\"font-size: large;\">\u00a0\u00a0\u00a0\u00a0\u00a0\u00a0\u00a0\u00a0\u00a0 Pami\u0119tajmy r\u00f3wnie\u017c, i\u017c monitoring wizyjny musi by\u0107 \u015brodkiem niezb\u0119dnym do osi\u0105gni\u0119cia postawionych cel\u00f3w, w innym przypadku naruszamy zasad\u0119 proporcjonalno\u015bci (art.5 ust.1 lit c RODO), kt\u00f3ra narusza sfer\u0119 d\u00f3br osobistych pracownika.<\/span><\/p>\n<p align=\"justify\"><span style=\"font-size: large;\">\u00a0\u00a0\u00a0\u00a0\u00a0\u00a0\u00a0\u00a0\u00a0 Wiemy ju\u017c, i\u017c monitoring mo\u017cemy stosowa\u0107 na terenie firmy, ale czy wsz\u0119dzie?<\/span><\/p>\n<p align=\"justify\"><span style=\"font-size: large;\">Odpowied\u017a na powy\u017csze pytanie znajdziemy w przepisach ustawy Kodeks pracy. Zgodnie z art. 22<sup>2<\/sup> \u00a7 1<sup>1<\/sup> Kp, z kt\u00f3rego wynika, i\u017c monitoring wizyjny nie mo\u017ce obejmowa\u0107 pomieszcze\u0144 udost\u0119pnianych organizacjom zwi\u0105zkowym, natomiast zgodnie z art. 22<sup>2<\/sup> \u00a7 2 Kp: \u201e<i>Monitoring nie obejmuje pomieszcze\u0144 sanitarnych, szatni, sto\u0142\u00f3wek oraz palarni, chyba \u017ce stosowanie monitoringu w tych pomieszczeniach jest niezb\u0119dne do realizacji celu okre\u015blonego w \u00a7 1 i nie naruszy to godno\u015bci oraz innych d\u00f3br osobistych pracownika, w szczeg\u00f3lno\u015bci poprzez zastosowanie technik uniemo\u017cliwiaj\u0105cych rozpoznanie przebywaj\u0105cych w tych pomieszczeniach os\u00f3b. Monitoring pomieszcze\u0144 sanitarnych wymaga uzyskania uprzedniej zgody zak\u0142adowej organizacji zwi\u0105zkowej, a je\u017celi u pracodawcy nie dzia\u0142a zak\u0142adowa organizacja zwi\u0105zkowa \u2013 uprzedniej zgody przedstawicieli pracownik\u00f3w wybranych w trybie przyj\u0119tym u danego pracodawcy.\u201d<\/i>. <\/span><\/p>\n<p><span style=\"font-size: large;\">\u00a0\u00a0\u00a0\u00a0\u00a0\u00a0\u00a0\u00a0\u00a0 Bior\u0105c pod uwag\u0119 powy\u017csze, pracodawca ma mo\u017cliwo\u015b\u0107 instalowania monitoringu w wymienionych miejscach (wyj\u0105tek stanowi\u0105 pomieszczenia sanitarne, gdzie do instalacji potrzebna jest zgoda organizacji zwi\u0105zkowej lub w przypadku jej braku przedstawiciela pracownik\u00f3w), jednak musi wykaza\u0107 niezb\u0119dno\u015b\u0107 tego monitoringu (udokumentowa\u0107 przyczyny potrzeby instalacji). Ponadto monitoring taki nie mo\u017ce pozwala\u0107 na identyfikacj\u0119 os\u00f3b, kt\u00f3re s\u0105 nagrywane.<\/span><\/p>\n<p><span style=\"font-size: large;\">\u00a0\u00a0\u00a0\u00a0\u00a0\u00a0\u00a0\u00a0\u00a0 Kolejn\u0105 kwesti\u0105, na kt\u00f3r\u0105 musimy zwr\u00f3ci\u0107 uwag\u0119 w przypadku stosowania monitoringu wizyjnego jest konieczno\u015b\u0107 zachowania zasady jawno\u015bci. Zgodnie z art.22<sup>2<\/sup> \u00a7 6-9 Kp: <\/span><\/p>\n<ol>\n<li><span style=\"font-size: large;\">Pracodawca musi okre\u015bli\u0107 cele, zakres oraz spos\u00f3b zastosowania monitoringu. Informacje te ustala si\u0119 w uk\u0142adzie zbiorowym pracy lub w regulaminie pracy albo w obwieszczeniu, je\u017celi pracodawca nie jest obj\u0119ty uk\u0142adem zbiorowym pracy lub nie jest obowi\u0105zany do ustalenia regulaminu pracy. <\/span><\/li>\n<li><span style=\"font-size: large;\">Pracodawca musi poinformowa\u0107 pracownik\u00f3w o wprowadzeniu monitoringu, najp\u00f3\u017aniej 2 tygodnie przed jego uruchomieniem.<\/span><\/li>\n<li><span style=\"font-size: large;\">Przed dopuszczeniem pracownika do pracy, pracodawca przekazuje mu na pi\u015bmie informacje dotycz\u0105ce celu, zakresu oraz sposobu zastosowania monitoringu.<\/span><\/li>\n<li><span style=\"font-size: large;\">Pracodawca musi oznaczy\u0107 monitorowane obszary za pomoc\u0105 informacji graficznych lub sygna\u0142\u00f3w d\u017awi\u0119kowych. Obowi\u0105zek nale\u017cy zrealizowa\u0107 nie p\u00f3\u017aniej ni\u017c dzie\u0144 przed uruchomieniem monitoringu.<\/span><\/li>\n<\/ol>\n<p><span style=\"font-size: large;\">Niezale\u017cnie od powy\u017cszego, pracodawca musi tak\u017ce wype\u0142ni\u0107 obowi\u0105zek informacyjny wzgl\u0119dem pracownika wynikaj\u0105cy z art. 13 RODO.<\/span><\/p>\n<p><span style=\"font-size: large;\">\u00a0\u00a0\u00a0\u00a0\u00a0\u00a0\u00a0\u00a0\u00a0 Zwr\u00f3\u0107my r\u00f3wnie\u017c uwag\u0119, na retencje zapis\u00f3w z monitoringu. W my\u015bl art. 22<sup>2<\/sup> \u00a7 3-4 Kp, nagrania przechowujemy nie d\u0142u\u017cej ni\u017c 3 miesi\u0105ce, chyba \u017ce nagrania obrazu stanowi\u0105 dow\u00f3d w post\u0119powaniu prowadzonym na podstawie prawa lub pracodawca powzi\u0105\u0142 wiadomo\u015b\u0107, i\u017c mog\u0105 one stanowi\u0107 dow\u00f3d w post\u0119powaniu. Konkluduj\u0105c uzna\u0107 nale\u017cy, i\u017c pracodawca powinien ustali\u0107 najkr\u00f3tszy z mo\u017cliwych czas przechowywania danych.<\/span><br \/>\n<span style=\"font-size: large;\">Ponadto pracodawca winien upowa\u017cni\u0107 pracownik\u00f3w do obs\u0142ugi monitoringu wizyjnego oraz stworzy\u0107 odpowiednie procedury do jego obs\u0142ugi.<\/span><\/p>\n<p><span style=\"font-size: large;\">\u00a0\u00a0\u00a0\u00a0\u00a0\u00a0\u00a0\u00a0\u00a0 Spe\u0142nienie wszystkich ww. wymaga\u0144 pozwoli uzna\u0107, i\u017c zastosowany monitoring wizyjny jest zgodny z przepisami prawa tj. Kodeksem pracy oraz Rozporz\u0105dzeniem o ochronie danych osobowych.<\/span><\/p>\n<p>Zapraszam r\u00f3wnie\u017c do zapoznania si\u0119 z artyku\u0142em &#8222;<a href=\"https:\/\/www.outsourcing-iod.pl\/index.php\/2023\/08\/11\/prywatny-monitoring-wizyjny-a-rodo\/\" target=\"black\" rel=\"noopener\">Prywatny monitoring wizyjny a RODO<\/a>&#8222;.<\/p>\n<p style=\"text-align: right;\"><a href=\"https:\/\/www.outsourcing-iod.pl\/index.php\/sylwester-krawczyk\/\">Sylwester Krawczyk<\/a><br \/>\n<em>Inspektor Ochrony Danych<\/em><br \/>\n<em>Audytor wewn\u0119trzny ISO 27001<\/em><\/p>\n","protected":false},"excerpt":{"rendered":"<p>Monitoring wizyjny w firmie \u00a0\u00a0\u00a0\u00a0\u00a0\u00a0\u00a0\u00a0\u00a0 Nasze rozwa\u017cania dotycz\u0105ce monitoringu wizyjnego w\u00a0 miejscu pracy rozpocznijmy od zdefiniowania poj\u0119cia monitoring. Zgodnie z og\u00f3lnie przyj\u0119t\u0105 definicj\u0105, monitoring jest to proces sta\u0142ej obserwacji, kontroli i nadzoru. Mo\u017cna zatem stwierdzi\u0107, \u017ce monitoring w pracy to og\u00f3\u0142 czynno\u015bci podejmowanych w celu gromadzenia informacji o pracownikach poprzez r\u00f3\u017cn\u0105 form\u0119 obserwacji. \u00a0\u00a0\u00a0\u00a0\u00a0\u00a0\u00a0\u00a0\u00a0 Zgodnie<a href=\"https:\/\/www.outsourcing-iod.pl\/index.php\/2022\/05\/25\/monitoring-wizyjny-w-firmie\/\">[&#8230;]<\/a><\/p>\n","protected":false},"author":1,"featured_media":380,"comment_status":"closed","ping_status":"closed","sticky":false,"template":"","format":"standard","meta":[],"categories":[3],"tags":[47,50,49,48],"yoast_head":"<!-- This site is optimized with the Yoast SEO plugin v20.2.1 - https:\/\/yoast.com\/wordpress\/plugins\/seo\/ -->\n<title>Monitoring wizyjny w firmie -<\/title>\n<meta name=\"description\" content=\"Monitoring wizyjny w firmie - w artykule zosta\u0142y poruszone kwestie prawne do jakich musi stosowa\u0107 si\u0119 pracodawca, stosuj\u0105cy monitoring\" \/>\n<meta name=\"robots\" content=\"index, follow, max-snippet:-1, max-image-preview:large, max-video-preview:-1\" \/>\n<link rel=\"canonical\" href=\"https:\/\/www.outsourcing-iod.pl\/index.php\/2022\/05\/25\/monitoring-wizyjny-w-firmie\/\" \/>\n<meta property=\"og:locale\" content=\"pl_PL\" \/>\n<meta property=\"og:type\" content=\"article\" \/>\n<meta property=\"og:title\" content=\"Monitoring wizyjny w firmie -\" \/>\n<meta property=\"og:description\" content=\"Monitoring wizyjny w firmie - w artykule zosta\u0142y poruszone kwestie prawne do jakich musi stosowa\u0107 si\u0119 pracodawca, stosuj\u0105cy monitoring\" \/>\n<meta property=\"og:url\" content=\"https:\/\/www.outsourcing-iod.pl\/index.php\/2022\/05\/25\/monitoring-wizyjny-w-firmie\/\" \/>\n<meta property=\"og:site_name\" content=\"Outsourcing IOD Inspektor Ochrony Danych\" \/>\n<meta property=\"article:publisher\" content=\"https:\/\/www.facebook.com\/firma.nformatyczna\" \/>\n<meta property=\"article:published_time\" content=\"2022-05-25T21:31:13+00:00\" \/>\n<meta property=\"article:modified_time\" content=\"2023-08-11T12:47:55+00:00\" \/>\n<meta property=\"og:image\" content=\"https:\/\/www.outsourcing-iod.pl\/wp-content\/uploads\/2019\/09\/paragraf-e1652469637638.png\" \/>\n\t<meta property=\"og:image:width\" content=\"21\" \/>\n\t<meta property=\"og:image:height\" content=\"42\" \/>\n\t<meta property=\"og:image:type\" content=\"image\/png\" \/>\n<meta name=\"author\" content=\"skadmin\" \/>\n<meta name=\"twitter:card\" content=\"summary_large_image\" \/>\n<meta name=\"twitter:label1\" content=\"Napisane przez\" \/>\n\t<meta name=\"twitter:data1\" content=\"skadmin\" \/>\n\t<meta name=\"twitter:label2\" content=\"Szacowany czas czytania\" \/>\n\t<meta name=\"twitter:data2\" content=\"6 minut\" \/>\n<script type=\"application\/ld+json\" class=\"yoast-schema-graph\">{\"@context\":\"https:\/\/schema.org\",\"@graph\":[{\"@type\":\"Article\",\"@id\":\"https:\/\/www.outsourcing-iod.pl\/index.php\/2022\/05\/25\/monitoring-wizyjny-w-firmie\/#article\",\"isPartOf\":{\"@id\":\"https:\/\/www.outsourcing-iod.pl\/index.php\/2022\/05\/25\/monitoring-wizyjny-w-firmie\/\"},\"author\":{\"name\":\"skadmin\",\"@id\":\"https:\/\/www.outsourcing-iod.pl\/#\/schema\/person\/3643afd1d0566e598d9217a1c8251a9b\"},\"headline\":\"Monitoring wizyjny w firmie\",\"datePublished\":\"2022-05-25T21:31:13+00:00\",\"dateModified\":\"2023-08-11T12:47:55+00:00\",\"mainEntityOfPage\":{\"@id\":\"https:\/\/www.outsourcing-iod.pl\/index.php\/2022\/05\/25\/monitoring-wizyjny-w-firmie\/\"},\"wordCount\":995,\"publisher\":{\"@id\":\"https:\/\/www.outsourcing-iod.pl\/#organization\"},\"keywords\":[\"Monitoring wizyjny w firmie\",\"monitoring wizyjny w zak\u0142adzie pracy\",\"monitoring wizyjny zgodny z RODO\",\"Monitoring zgodny z RODO\"],\"articleSection\":[\"Aktualno\u015bci\"],\"inLanguage\":\"pl-PL\"},{\"@type\":\"WebPage\",\"@id\":\"https:\/\/www.outsourcing-iod.pl\/index.php\/2022\/05\/25\/monitoring-wizyjny-w-firmie\/\",\"url\":\"https:\/\/www.outsourcing-iod.pl\/index.php\/2022\/05\/25\/monitoring-wizyjny-w-firmie\/\",\"name\":\"Monitoring wizyjny w firmie -\",\"isPartOf\":{\"@id\":\"https:\/\/www.outsourcing-iod.pl\/#website\"},\"datePublished\":\"2022-05-25T21:31:13+00:00\",\"dateModified\":\"2023-08-11T12:47:55+00:00\",\"description\":\"Monitoring wizyjny w firmie - w artykule zosta\u0142y poruszone kwestie prawne do jakich musi stosowa\u0107 si\u0119 pracodawca, stosuj\u0105cy monitoring\",\"breadcrumb\":{\"@id\":\"https:\/\/www.outsourcing-iod.pl\/index.php\/2022\/05\/25\/monitoring-wizyjny-w-firmie\/#breadcrumb\"},\"inLanguage\":\"pl-PL\",\"potentialAction\":[{\"@type\":\"ReadAction\",\"target\":[\"https:\/\/www.outsourcing-iod.pl\/index.php\/2022\/05\/25\/monitoring-wizyjny-w-firmie\/\"]}]},{\"@type\":\"BreadcrumbList\",\"@id\":\"https:\/\/www.outsourcing-iod.pl\/index.php\/2022\/05\/25\/monitoring-wizyjny-w-firmie\/#breadcrumb\",\"itemListElement\":[{\"@type\":\"ListItem\",\"position\":1,\"name\":\"Strona g\u0142\u00f3wna\",\"item\":\"https:\/\/www.outsourcing-iod.pl\/\"},{\"@type\":\"ListItem\",\"position\":2,\"name\":\"Monitoring wizyjny w firmie\"}]},{\"@type\":\"WebSite\",\"@id\":\"https:\/\/www.outsourcing-iod.pl\/#website\",\"url\":\"https:\/\/www.outsourcing-iod.pl\/\",\"name\":\"Outsourcing IOD Inspektor Ochrony Danych\",\"description\":\"Pe\u0142nimy zewn\u0119trzn\u0105 funkcj\u0119 inspektora ochrony danych\",\"publisher\":{\"@id\":\"https:\/\/www.outsourcing-iod.pl\/#organization\"},\"potentialAction\":[{\"@type\":\"SearchAction\",\"target\":{\"@type\":\"EntryPoint\",\"urlTemplate\":\"https:\/\/www.outsourcing-iod.pl\/?s={search_term_string}\"},\"query-input\":\"required name=search_term_string\"}],\"inLanguage\":\"pl-PL\"},{\"@type\":\"Organization\",\"@id\":\"https:\/\/www.outsourcing-iod.pl\/#organization\",\"name\":\"Outsourcing IOD Inspektor Ochrony Danych\",\"url\":\"https:\/\/www.outsourcing-iod.pl\/\",\"logo\":{\"@type\":\"ImageObject\",\"inLanguage\":\"pl-PL\",\"@id\":\"https:\/\/www.outsourcing-iod.pl\/#\/schema\/logo\/image\/\",\"url\":\"https:\/\/www.outsourcing-iod.pl\/wp-content\/uploads\/2023\/03\/logo.png\",\"contentUrl\":\"https:\/\/www.outsourcing-iod.pl\/wp-content\/uploads\/2023\/03\/logo.png\",\"width\":300,\"height\":200,\"caption\":\"Outsourcing IOD Inspektor Ochrony Danych\"},\"image\":{\"@id\":\"https:\/\/www.outsourcing-iod.pl\/#\/schema\/logo\/image\/\"},\"sameAs\":[\"https:\/\/www.facebook.com\/firma.nformatyczna\"]},{\"@type\":\"Person\",\"@id\":\"https:\/\/www.outsourcing-iod.pl\/#\/schema\/person\/3643afd1d0566e598d9217a1c8251a9b\",\"name\":\"skadmin\",\"image\":{\"@type\":\"ImageObject\",\"inLanguage\":\"pl-PL\",\"@id\":\"https:\/\/www.outsourcing-iod.pl\/#\/schema\/person\/image\/\",\"url\":\"https:\/\/secure.gravatar.com\/avatar\/6ccf91462792f93c60bf0f8bd9f3f8a4?s=96&d=mm&r=g\",\"contentUrl\":\"https:\/\/secure.gravatar.com\/avatar\/6ccf91462792f93c60bf0f8bd9f3f8a4?s=96&d=mm&r=g\",\"caption\":\"skadmin\"},\"url\":\"https:\/\/www.outsourcing-iod.pl\/index.php\/author\/skadmin\/\"}]}<\/script>\n<!-- \/ Yoast SEO plugin. -->","yoast_head_json":{"title":"Monitoring wizyjny w firmie -","description":"Monitoring wizyjny w firmie - w artykule zosta\u0142y poruszone kwestie prawne do jakich musi stosowa\u0107 si\u0119 pracodawca, stosuj\u0105cy monitoring","robots":{"index":"index","follow":"follow","max-snippet":"max-snippet:-1","max-image-preview":"max-image-preview:large","max-video-preview":"max-video-preview:-1"},"canonical":"https:\/\/www.outsourcing-iod.pl\/index.php\/2022\/05\/25\/monitoring-wizyjny-w-firmie\/","og_locale":"pl_PL","og_type":"article","og_title":"Monitoring wizyjny w firmie -","og_description":"Monitoring wizyjny w firmie - w artykule zosta\u0142y poruszone kwestie prawne do jakich musi stosowa\u0107 si\u0119 pracodawca, stosuj\u0105cy monitoring","og_url":"https:\/\/www.outsourcing-iod.pl\/index.php\/2022\/05\/25\/monitoring-wizyjny-w-firmie\/","og_site_name":"Outsourcing IOD Inspektor Ochrony Danych","article_publisher":"https:\/\/www.facebook.com\/firma.nformatyczna","article_published_time":"2022-05-25T21:31:13+00:00","article_modified_time":"2023-08-11T12:47:55+00:00","og_image":[{"width":21,"height":42,"url":"https:\/\/www.outsourcing-iod.pl\/wp-content\/uploads\/2019\/09\/paragraf-e1652469637638.png","type":"image\/png"}],"author":"skadmin","twitter_card":"summary_large_image","twitter_misc":{"Napisane przez":"skadmin","Szacowany czas czytania":"6 minut"},"schema":{"@context":"https:\/\/schema.org","@graph":[{"@type":"Article","@id":"https:\/\/www.outsourcing-iod.pl\/index.php\/2022\/05\/25\/monitoring-wizyjny-w-firmie\/#article","isPartOf":{"@id":"https:\/\/www.outsourcing-iod.pl\/index.php\/2022\/05\/25\/monitoring-wizyjny-w-firmie\/"},"author":{"name":"skadmin","@id":"https:\/\/www.outsourcing-iod.pl\/#\/schema\/person\/3643afd1d0566e598d9217a1c8251a9b"},"headline":"Monitoring wizyjny w firmie","datePublished":"2022-05-25T21:31:13+00:00","dateModified":"2023-08-11T12:47:55+00:00","mainEntityOfPage":{"@id":"https:\/\/www.outsourcing-iod.pl\/index.php\/2022\/05\/25\/monitoring-wizyjny-w-firmie\/"},"wordCount":995,"publisher":{"@id":"https:\/\/www.outsourcing-iod.pl\/#organization"},"keywords":["Monitoring wizyjny w firmie","monitoring wizyjny w zak\u0142adzie pracy","monitoring wizyjny zgodny z RODO","Monitoring zgodny z RODO"],"articleSection":["Aktualno\u015bci"],"inLanguage":"pl-PL"},{"@type":"WebPage","@id":"https:\/\/www.outsourcing-iod.pl\/index.php\/2022\/05\/25\/monitoring-wizyjny-w-firmie\/","url":"https:\/\/www.outsourcing-iod.pl\/index.php\/2022\/05\/25\/monitoring-wizyjny-w-firmie\/","name":"Monitoring wizyjny w firmie -","isPartOf":{"@id":"https:\/\/www.outsourcing-iod.pl\/#website"},"datePublished":"2022-05-25T21:31:13+00:00","dateModified":"2023-08-11T12:47:55+00:00","description":"Monitoring wizyjny w firmie - w artykule zosta\u0142y poruszone kwestie prawne do jakich musi stosowa\u0107 si\u0119 pracodawca, stosuj\u0105cy monitoring","breadcrumb":{"@id":"https:\/\/www.outsourcing-iod.pl\/index.php\/2022\/05\/25\/monitoring-wizyjny-w-firmie\/#breadcrumb"},"inLanguage":"pl-PL","potentialAction":[{"@type":"ReadAction","target":["https:\/\/www.outsourcing-iod.pl\/index.php\/2022\/05\/25\/monitoring-wizyjny-w-firmie\/"]}]},{"@type":"BreadcrumbList","@id":"https:\/\/www.outsourcing-iod.pl\/index.php\/2022\/05\/25\/monitoring-wizyjny-w-firmie\/#breadcrumb","itemListElement":[{"@type":"ListItem","position":1,"name":"Strona g\u0142\u00f3wna","item":"https:\/\/www.outsourcing-iod.pl\/"},{"@type":"ListItem","position":2,"name":"Monitoring wizyjny w firmie"}]},{"@type":"WebSite","@id":"https:\/\/www.outsourcing-iod.pl\/#website","url":"https:\/\/www.outsourcing-iod.pl\/","name":"Outsourcing IOD Inspektor Ochrony Danych","description":"Pe\u0142nimy zewn\u0119trzn\u0105 funkcj\u0119 inspektora ochrony danych","publisher":{"@id":"https:\/\/www.outsourcing-iod.pl\/#organization"},"potentialAction":[{"@type":"SearchAction","target":{"@type":"EntryPoint","urlTemplate":"https:\/\/www.outsourcing-iod.pl\/?s={search_term_string}"},"query-input":"required name=search_term_string"}],"inLanguage":"pl-PL"},{"@type":"Organization","@id":"https:\/\/www.outsourcing-iod.pl\/#organization","name":"Outsourcing IOD Inspektor Ochrony Danych","url":"https:\/\/www.outsourcing-iod.pl\/","logo":{"@type":"ImageObject","inLanguage":"pl-PL","@id":"https:\/\/www.outsourcing-iod.pl\/#\/schema\/logo\/image\/","url":"https:\/\/www.outsourcing-iod.pl\/wp-content\/uploads\/2023\/03\/logo.png","contentUrl":"https:\/\/www.outsourcing-iod.pl\/wp-content\/uploads\/2023\/03\/logo.png","width":300,"height":200,"caption":"Outsourcing IOD Inspektor Ochrony Danych"},"image":{"@id":"https:\/\/www.outsourcing-iod.pl\/#\/schema\/logo\/image\/"},"sameAs":["https:\/\/www.facebook.com\/firma.nformatyczna"]},{"@type":"Person","@id":"https:\/\/www.outsourcing-iod.pl\/#\/schema\/person\/3643afd1d0566e598d9217a1c8251a9b","name":"skadmin","image":{"@type":"ImageObject","inLanguage":"pl-PL","@id":"https:\/\/www.outsourcing-iod.pl\/#\/schema\/person\/image\/","url":"https:\/\/secure.gravatar.com\/avatar\/6ccf91462792f93c60bf0f8bd9f3f8a4?s=96&d=mm&r=g","contentUrl":"https:\/\/secure.gravatar.com\/avatar\/6ccf91462792f93c60bf0f8bd9f3f8a4?s=96&d=mm&r=g","caption":"skadmin"},"url":"https:\/\/www.outsourcing-iod.pl\/index.php\/author\/skadmin\/"}]}},"_links":{"self":[{"href":"https:\/\/www.outsourcing-iod.pl\/index.php\/wp-json\/wp\/v2\/posts\/556"}],"collection":[{"href":"https:\/\/www.outsourcing-iod.pl\/index.php\/wp-json\/wp\/v2\/posts"}],"about":[{"href":"https:\/\/www.outsourcing-iod.pl\/index.php\/wp-json\/wp\/v2\/types\/post"}],"author":[{"embeddable":true,"href":"https:\/\/www.outsourcing-iod.pl\/index.php\/wp-json\/wp\/v2\/users\/1"}],"replies":[{"embeddable":true,"href":"https:\/\/www.outsourcing-iod.pl\/index.php\/wp-json\/wp\/v2\/comments?post=556"}],"version-history":[{"count":12,"href":"https:\/\/www.outsourcing-iod.pl\/index.php\/wp-json\/wp\/v2\/posts\/556\/revisions"}],"predecessor-version":[{"id":794,"href":"https:\/\/www.outsourcing-iod.pl\/index.php\/wp-json\/wp\/v2\/posts\/556\/revisions\/794"}],"wp:featuredmedia":[{"embeddable":true,"href":"https:\/\/www.outsourcing-iod.pl\/index.php\/wp-json\/wp\/v2\/media\/380"}],"wp:attachment":[{"href":"https:\/\/www.outsourcing-iod.pl\/index.php\/wp-json\/wp\/v2\/media?parent=556"}],"wp:term":[{"taxonomy":"category","embeddable":true,"href":"https:\/\/www.outsourcing-iod.pl\/index.php\/wp-json\/wp\/v2\/categories?post=556"},{"taxonomy":"post_tag","embeddable":true,"href":"https:\/\/www.outsourcing-iod.pl\/index.php\/wp-json\/wp\/v2\/tags?post=556"}],"curies":[{"name":"wp","href":"https:\/\/api.w.org\/{rel}","templated":true}]}}