{"id":783,"date":"2023-08-11T12:58:27","date_gmt":"2023-08-11T10:58:27","guid":{"rendered":"https:\/\/www.outsourcing-iod.pl\/?p=783"},"modified":"2023-08-11T14:36:44","modified_gmt":"2023-08-11T12:36:44","slug":"prywatny-monitoring-wizyjny-a-rodo","status":"publish","type":"post","link":"https:\/\/www.outsourcing-iod.pl\/index.php\/2023\/08\/11\/prywatny-monitoring-wizyjny-a-rodo\/","title":{"rendered":"Prywatny monitoring wizyjny a RODO"},"content":{"rendered":"\n<p>Prywatny monitoring wizyjny stosowany jest najcz\u0119\u015bciej do ochrony mienia nale\u017c\u0105cego do w\u0142a\u015bciciela monitoringu, rzadziej do zapewnienia bezpiecze\u0144stwa rodziny oraz os\u00f3b przebywaj\u0105cych na terenie monitorowanej posesji. Instaluj\u0105c system monitoringu, cz\u0119sto zadajemy sobie pytania czy opr\u00f3cz fizycznego monta\u017cu musimy r\u00f3wnie\u017c dope\u0142ni\u0107 jaki\u015b obowi\u0105zk\u00f3w prawnych. Brakuje przecie\u017c aktu prawnego jednoznacznie odnosz\u0105cego si\u0119 do prywatnego monitoringu, jak ma to miejsce np. w Kodeksie pracy o kt\u00f3rym pisa\u0142em w artykule \u201e<a href=\"https:\/\/www.outsourcing-iod.pl\/index.php\/2022\/05\/25\/monitoring-wizyjny-w-firmie\/\" target=\"_blank\" rel=\"noreferrer noopener\">Monitoring wizyjny w firmie<\/a>\u201d. Nie ma w\u0105tpliwo\u015bci, i\u017c w przypadku utrwalania wizerunku os\u00f3b przebywaj\u0105cych w zasi\u0119gu naszych kamer, r\u00f3wnie\u017c przetwarzamy dane osobowe, a co za tym idzie mocno ingerujemy w ich prywatno\u015b\u0107.<\/p>\n\n\n\n<p>Czy zatem podlegamy pod RODO, a co za tym idzie musimy spe\u0142ni\u0107 wymagania stawiane przez og\u00f3lne rozporz\u0105dzenia o ochronie danych w zwi\u0105zku z posiadaniem monitoringu wizyjnego?<\/p>\n\n\n\n<p>Odpowiedz na postawione pytanie daje nam art. 2 lit c RODO, kt\u00f3ry stanowi i\u017c wy\u0142\u0105czona ze stosowania rozporz\u0105dzenia jest osoba fizyczna, kt\u00f3ra przetwarza dane osobowe w ramach czynno\u015bci o czysto osobistym lub domowym charakterze. Koreluje z nim motyw 18 preambu\u0142y ww aktu, w kt\u00f3rym czytamy <em>\u201eNiniejsze rozporz\u0105dzenie nie ma zastosowania do przetwarzania danych osobowych przez osob\u0119 fizyczn\u0105 w ramach dzia\u0142alno\u015bci czysto osobistej lub domowej, czyli bez zwi\u0105zku z dzia\u0142alno\u015bci\u0105 zawodow\u0105 lub handlow\u0105 (\u2026)\u201d. <\/em>Analizuj\u0105c powy\u017csze zapisy, mo\u017cna wywodzi\u0107, i\u017c prywatny monitoring wizyjny spe\u0142nia przes\u0142anki niezb\u0119dne do tego, by uzna\u0107, i\u017c zgodnie z art. 2 lit c jest wy\u0142\u0105czony ze stosowania RODO. <\/p>\n\n\n\n<p>Ale czy zawsze? <\/p>\n\n\n\n<p>Z pomoc\u0105 przychodzi nam wyrok Trybuna\u0142u Sprawiedliwo\u015bci C-212\/13. Trybuna\u0142 podkre\u015bli\u0142 w nim, i\u017c w przypadku przetwarzania danych osobowych o charakterze czysto osobistym lub domowym <em>\u201eistotny jest zwi\u0105zek ze sfer\u0105 o czysto osobistym lub domowym charakterze, nale\u017c\u0105c\u0105 do osoby, kt\u00f3ra dokonuje przetwarzania.\u201d<\/em> Nale\u017cy wi\u0119c stwierdzi\u0107 i\u017c domowy monitoring wizyjny b\u0119dzie m\u00f3g\u0142 by\u0107 obj\u0119ty wy\u0142\u0105czeniem, jedynie w\u00f3wczas, je\u015bli zostan\u0105 spe\u0142nione kryteria sformu\u0142owane przez Trybuna\u0142 Sprawiedliwo\u015bci. W wyroku Trybuna\u0142 orzek\u0142, <em>\u201e\u017ce wykorzystywanie systemu kamer przechowuj\u0105cego zapis obrazu os\u00f3b na sprz\u0119cie nagrywaj\u0105cym w spos\u00f3b ci\u0105g\u0142y, takim jak dysk twardy, zainstalowanego przez osob\u0119 fizyczn\u0105 na jej domu rodzinnym w celu ochrony w\u0142asno\u015bci, zdrowia i \u017cycia w\u0142a\u015bcicieli domu, kt\u00f3ry to system monitoruje r\u00f3wnie\u017c przestrze\u0144 publiczn\u0105, nie stanowi przetwarzania danych w trakcie czynno\u015bci o czysto osobistym lub domowym charakterze w rozumieniu tego przepisu\u201d.<\/em><\/p>\n\n\n\n<p>Podsumowuj\u0105c, maj\u0105c na uwadze powy\u017csze, nale\u017cy stwierdzi\u0107, i\u017c wy\u0142\u0105czeniu ze stosowania RODO, podlega tylko monitoring kt\u00f3ry obejmuje teren nale\u017c\u0105cy do w\u0142a\u015bciciela monitoringu wizyjnego.<\/p>\n\n\n\n<p>W przypadku gdy obejmuje on teren publiczny musimy spe\u0142ni\u0107 wymagania stawiane przez og\u00f3lne rozporz\u0105dzenie.<\/p>\n\n\n\n<p>A co z monitoringiem wizyjnym, kt\u00f3ry obejmuje cz\u0119\u015bciowo posesj\u0119 s\u0105siada?<\/p>\n\n\n\n<p>W mojej opinii naruszona zostaje gwarancja konstytucyjna zawarta w art 47, kt\u00f3ra stanowi \u201e<em>Ka\u017cdy ma prawo do ochrony \u017cycia prywatnego, rodzinnego (\u2026)\u201d, <\/em>oraz art. 23 Kodeksu Cywilnego. Monitoring taki narusza dobra osobiste s\u0105siada (np.: prawo do prywatno\u015bci, wizerunku, miru domowego), co mo\u017ce skutkowa\u0107 pow\u00f3dztwem do s\u0105du okr\u0119gowego o ochron\u0119 d\u00f3br osobistych. Dodatkowo zawiadomieniem organ\u00f3w \u015bcigania o podejrzeniu pope\u0142nienia przest\u0119pstwa z art. 267\u00a7 3 Kodeksu Karnego.<\/p>\n\n\n\n<p class=\"has-text-align-right\"><a href=\"https:\/\/www.outsourcing-iod.pl\/index.php\/sylwester-krawczyk\/\">Sylwester Krawczyk<\/a><br><em>Inspektor Ochrony Danych<\/em><br><em>Audytor wewn\u0119trzny ISO 27001<\/em><\/p>\n","protected":false},"excerpt":{"rendered":"<p>Prywatny monitoring wizyjny stosowany jest najcz\u0119\u015bciej do ochrony mienia nale\u017c\u0105cego do w\u0142a\u015bciciela monitoringu, rzadziej do zapewnienia bezpiecze\u0144stwa rodziny oraz os\u00f3b przebywaj\u0105cych na terenie monitorowanej posesji. Instaluj\u0105c system monitoringu, cz\u0119sto zadajemy sobie pytania czy opr\u00f3cz fizycznego monta\u017cu musimy r\u00f3wnie\u017c dope\u0142ni\u0107 jaki\u015b obowi\u0105zk\u00f3w prawnych. Brakuje przecie\u017c aktu prawnego jednoznacznie odnosz\u0105cego si\u0119 do prywatnego monitoringu, jak ma to<a href=\"https:\/\/www.outsourcing-iod.pl\/index.php\/2023\/08\/11\/prywatny-monitoring-wizyjny-a-rodo\/\">[&#8230;]<\/a><\/p>\n","protected":false},"author":1,"featured_media":380,"comment_status":"closed","ping_status":"closed","sticky":false,"template":"","format":"standard","meta":[],"categories":[3],"tags":[],"yoast_head":"<!-- This site is optimized with the Yoast SEO plugin v20.2.1 - https:\/\/yoast.com\/wordpress\/plugins\/seo\/ -->\n<title>Prywatny monitoring wizyjny a RODO<\/title>\n<meta name=\"description\" content=\"W artykule znajduje si\u0119\u00a0odpowiedz czy i kiedy prywatny monitoring podlega pod RODO. Zapraszam Pa\u0144stwa do lektury.\" \/>\n<meta name=\"robots\" content=\"index, follow, max-snippet:-1, max-image-preview:large, max-video-preview:-1\" \/>\n<link rel=\"canonical\" href=\"https:\/\/www.outsourcing-iod.pl\/index.php\/2023\/08\/11\/prywatny-monitoring-wizyjny-a-rodo\/\" \/>\n<meta property=\"og:locale\" content=\"pl_PL\" \/>\n<meta property=\"og:type\" content=\"article\" \/>\n<meta property=\"og:title\" content=\"Prywatny monitoring wizyjny a RODO\" \/>\n<meta property=\"og:description\" content=\"W artykule znajduje si\u0119\u00a0odpowiedz czy i kiedy prywatny monitoring podlega pod RODO. Zapraszam Pa\u0144stwa do lektury.\" \/>\n<meta property=\"og:url\" content=\"https:\/\/www.outsourcing-iod.pl\/index.php\/2023\/08\/11\/prywatny-monitoring-wizyjny-a-rodo\/\" \/>\n<meta property=\"og:site_name\" content=\"Outsourcing IOD Inspektor Ochrony Danych\" \/>\n<meta property=\"article:publisher\" content=\"https:\/\/www.facebook.com\/firma.nformatyczna\" \/>\n<meta property=\"article:published_time\" content=\"2023-08-11T10:58:27+00:00\" \/>\n<meta property=\"article:modified_time\" content=\"2023-08-11T12:36:44+00:00\" \/>\n<meta property=\"og:image\" content=\"https:\/\/www.outsourcing-iod.pl\/wp-content\/uploads\/2019\/09\/paragraf-e1652469637638.png\" \/>\n\t<meta property=\"og:image:width\" content=\"21\" \/>\n\t<meta property=\"og:image:height\" content=\"42\" \/>\n\t<meta property=\"og:image:type\" content=\"image\/png\" \/>\n<meta name=\"author\" content=\"skadmin\" \/>\n<meta name=\"twitter:card\" content=\"summary_large_image\" \/>\n<meta name=\"twitter:label1\" content=\"Napisane przez\" \/>\n\t<meta name=\"twitter:data1\" content=\"skadmin\" \/>\n\t<meta name=\"twitter:label2\" content=\"Szacowany czas czytania\" \/>\n\t<meta name=\"twitter:data2\" content=\"3 minuty\" \/>\n<script type=\"application\/ld+json\" class=\"yoast-schema-graph\">{\"@context\":\"https:\/\/schema.org\",\"@graph\":[{\"@type\":\"Article\",\"@id\":\"https:\/\/www.outsourcing-iod.pl\/index.php\/2023\/08\/11\/prywatny-monitoring-wizyjny-a-rodo\/#article\",\"isPartOf\":{\"@id\":\"https:\/\/www.outsourcing-iod.pl\/index.php\/2023\/08\/11\/prywatny-monitoring-wizyjny-a-rodo\/\"},\"author\":{\"name\":\"skadmin\",\"@id\":\"https:\/\/www.outsourcing-iod.pl\/#\/schema\/person\/3643afd1d0566e598d9217a1c8251a9b\"},\"headline\":\"Prywatny monitoring wizyjny a RODO\",\"datePublished\":\"2023-08-11T10:58:27+00:00\",\"dateModified\":\"2023-08-11T12:36:44+00:00\",\"mainEntityOfPage\":{\"@id\":\"https:\/\/www.outsourcing-iod.pl\/index.php\/2023\/08\/11\/prywatny-monitoring-wizyjny-a-rodo\/\"},\"wordCount\":576,\"publisher\":{\"@id\":\"https:\/\/www.outsourcing-iod.pl\/#organization\"},\"articleSection\":[\"Aktualno\u015bci\"],\"inLanguage\":\"pl-PL\"},{\"@type\":\"WebPage\",\"@id\":\"https:\/\/www.outsourcing-iod.pl\/index.php\/2023\/08\/11\/prywatny-monitoring-wizyjny-a-rodo\/\",\"url\":\"https:\/\/www.outsourcing-iod.pl\/index.php\/2023\/08\/11\/prywatny-monitoring-wizyjny-a-rodo\/\",\"name\":\"Prywatny monitoring wizyjny a RODO\",\"isPartOf\":{\"@id\":\"https:\/\/www.outsourcing-iod.pl\/#website\"},\"datePublished\":\"2023-08-11T10:58:27+00:00\",\"dateModified\":\"2023-08-11T12:36:44+00:00\",\"description\":\"W artykule znajduje si\u0119\u00a0odpowiedz czy i kiedy prywatny monitoring podlega pod RODO. Zapraszam Pa\u0144stwa do lektury.\",\"breadcrumb\":{\"@id\":\"https:\/\/www.outsourcing-iod.pl\/index.php\/2023\/08\/11\/prywatny-monitoring-wizyjny-a-rodo\/#breadcrumb\"},\"inLanguage\":\"pl-PL\",\"potentialAction\":[{\"@type\":\"ReadAction\",\"target\":[\"https:\/\/www.outsourcing-iod.pl\/index.php\/2023\/08\/11\/prywatny-monitoring-wizyjny-a-rodo\/\"]}]},{\"@type\":\"BreadcrumbList\",\"@id\":\"https:\/\/www.outsourcing-iod.pl\/index.php\/2023\/08\/11\/prywatny-monitoring-wizyjny-a-rodo\/#breadcrumb\",\"itemListElement\":[{\"@type\":\"ListItem\",\"position\":1,\"name\":\"Strona g\u0142\u00f3wna\",\"item\":\"https:\/\/www.outsourcing-iod.pl\/\"},{\"@type\":\"ListItem\",\"position\":2,\"name\":\"Prywatny monitoring wizyjny a RODO\"}]},{\"@type\":\"WebSite\",\"@id\":\"https:\/\/www.outsourcing-iod.pl\/#website\",\"url\":\"https:\/\/www.outsourcing-iod.pl\/\",\"name\":\"Outsourcing IOD Inspektor Ochrony Danych\",\"description\":\"Pe\u0142nimy zewn\u0119trzn\u0105 funkcj\u0119 inspektora ochrony danych\",\"publisher\":{\"@id\":\"https:\/\/www.outsourcing-iod.pl\/#organization\"},\"potentialAction\":[{\"@type\":\"SearchAction\",\"target\":{\"@type\":\"EntryPoint\",\"urlTemplate\":\"https:\/\/www.outsourcing-iod.pl\/?s={search_term_string}\"},\"query-input\":\"required name=search_term_string\"}],\"inLanguage\":\"pl-PL\"},{\"@type\":\"Organization\",\"@id\":\"https:\/\/www.outsourcing-iod.pl\/#organization\",\"name\":\"Outsourcing IOD Inspektor Ochrony Danych\",\"url\":\"https:\/\/www.outsourcing-iod.pl\/\",\"logo\":{\"@type\":\"ImageObject\",\"inLanguage\":\"pl-PL\",\"@id\":\"https:\/\/www.outsourcing-iod.pl\/#\/schema\/logo\/image\/\",\"url\":\"https:\/\/www.outsourcing-iod.pl\/wp-content\/uploads\/2023\/03\/logo.png\",\"contentUrl\":\"https:\/\/www.outsourcing-iod.pl\/wp-content\/uploads\/2023\/03\/logo.png\",\"width\":300,\"height\":200,\"caption\":\"Outsourcing IOD Inspektor Ochrony Danych\"},\"image\":{\"@id\":\"https:\/\/www.outsourcing-iod.pl\/#\/schema\/logo\/image\/\"},\"sameAs\":[\"https:\/\/www.facebook.com\/firma.nformatyczna\"]},{\"@type\":\"Person\",\"@id\":\"https:\/\/www.outsourcing-iod.pl\/#\/schema\/person\/3643afd1d0566e598d9217a1c8251a9b\",\"name\":\"skadmin\",\"image\":{\"@type\":\"ImageObject\",\"inLanguage\":\"pl-PL\",\"@id\":\"https:\/\/www.outsourcing-iod.pl\/#\/schema\/person\/image\/\",\"url\":\"https:\/\/secure.gravatar.com\/avatar\/6ccf91462792f93c60bf0f8bd9f3f8a4?s=96&d=mm&r=g\",\"contentUrl\":\"https:\/\/secure.gravatar.com\/avatar\/6ccf91462792f93c60bf0f8bd9f3f8a4?s=96&d=mm&r=g\",\"caption\":\"skadmin\"},\"url\":\"https:\/\/www.outsourcing-iod.pl\/index.php\/author\/skadmin\/\"}]}<\/script>\n<!-- \/ Yoast SEO plugin. -->","yoast_head_json":{"title":"Prywatny monitoring wizyjny a RODO","description":"W artykule znajduje si\u0119\u00a0odpowiedz czy i kiedy prywatny monitoring podlega pod RODO. Zapraszam Pa\u0144stwa do lektury.","robots":{"index":"index","follow":"follow","max-snippet":"max-snippet:-1","max-image-preview":"max-image-preview:large","max-video-preview":"max-video-preview:-1"},"canonical":"https:\/\/www.outsourcing-iod.pl\/index.php\/2023\/08\/11\/prywatny-monitoring-wizyjny-a-rodo\/","og_locale":"pl_PL","og_type":"article","og_title":"Prywatny monitoring wizyjny a RODO","og_description":"W artykule znajduje si\u0119\u00a0odpowiedz czy i kiedy prywatny monitoring podlega pod RODO. Zapraszam Pa\u0144stwa do lektury.","og_url":"https:\/\/www.outsourcing-iod.pl\/index.php\/2023\/08\/11\/prywatny-monitoring-wizyjny-a-rodo\/","og_site_name":"Outsourcing IOD Inspektor Ochrony Danych","article_publisher":"https:\/\/www.facebook.com\/firma.nformatyczna","article_published_time":"2023-08-11T10:58:27+00:00","article_modified_time":"2023-08-11T12:36:44+00:00","og_image":[{"width":21,"height":42,"url":"https:\/\/www.outsourcing-iod.pl\/wp-content\/uploads\/2019\/09\/paragraf-e1652469637638.png","type":"image\/png"}],"author":"skadmin","twitter_card":"summary_large_image","twitter_misc":{"Napisane przez":"skadmin","Szacowany czas czytania":"3 minuty"},"schema":{"@context":"https:\/\/schema.org","@graph":[{"@type":"Article","@id":"https:\/\/www.outsourcing-iod.pl\/index.php\/2023\/08\/11\/prywatny-monitoring-wizyjny-a-rodo\/#article","isPartOf":{"@id":"https:\/\/www.outsourcing-iod.pl\/index.php\/2023\/08\/11\/prywatny-monitoring-wizyjny-a-rodo\/"},"author":{"name":"skadmin","@id":"https:\/\/www.outsourcing-iod.pl\/#\/schema\/person\/3643afd1d0566e598d9217a1c8251a9b"},"headline":"Prywatny monitoring wizyjny a RODO","datePublished":"2023-08-11T10:58:27+00:00","dateModified":"2023-08-11T12:36:44+00:00","mainEntityOfPage":{"@id":"https:\/\/www.outsourcing-iod.pl\/index.php\/2023\/08\/11\/prywatny-monitoring-wizyjny-a-rodo\/"},"wordCount":576,"publisher":{"@id":"https:\/\/www.outsourcing-iod.pl\/#organization"},"articleSection":["Aktualno\u015bci"],"inLanguage":"pl-PL"},{"@type":"WebPage","@id":"https:\/\/www.outsourcing-iod.pl\/index.php\/2023\/08\/11\/prywatny-monitoring-wizyjny-a-rodo\/","url":"https:\/\/www.outsourcing-iod.pl\/index.php\/2023\/08\/11\/prywatny-monitoring-wizyjny-a-rodo\/","name":"Prywatny monitoring wizyjny a RODO","isPartOf":{"@id":"https:\/\/www.outsourcing-iod.pl\/#website"},"datePublished":"2023-08-11T10:58:27+00:00","dateModified":"2023-08-11T12:36:44+00:00","description":"W artykule znajduje si\u0119\u00a0odpowiedz czy i kiedy prywatny monitoring podlega pod RODO. Zapraszam Pa\u0144stwa do lektury.","breadcrumb":{"@id":"https:\/\/www.outsourcing-iod.pl\/index.php\/2023\/08\/11\/prywatny-monitoring-wizyjny-a-rodo\/#breadcrumb"},"inLanguage":"pl-PL","potentialAction":[{"@type":"ReadAction","target":["https:\/\/www.outsourcing-iod.pl\/index.php\/2023\/08\/11\/prywatny-monitoring-wizyjny-a-rodo\/"]}]},{"@type":"BreadcrumbList","@id":"https:\/\/www.outsourcing-iod.pl\/index.php\/2023\/08\/11\/prywatny-monitoring-wizyjny-a-rodo\/#breadcrumb","itemListElement":[{"@type":"ListItem","position":1,"name":"Strona g\u0142\u00f3wna","item":"https:\/\/www.outsourcing-iod.pl\/"},{"@type":"ListItem","position":2,"name":"Prywatny monitoring wizyjny a RODO"}]},{"@type":"WebSite","@id":"https:\/\/www.outsourcing-iod.pl\/#website","url":"https:\/\/www.outsourcing-iod.pl\/","name":"Outsourcing IOD Inspektor Ochrony Danych","description":"Pe\u0142nimy zewn\u0119trzn\u0105 funkcj\u0119 inspektora ochrony danych","publisher":{"@id":"https:\/\/www.outsourcing-iod.pl\/#organization"},"potentialAction":[{"@type":"SearchAction","target":{"@type":"EntryPoint","urlTemplate":"https:\/\/www.outsourcing-iod.pl\/?s={search_term_string}"},"query-input":"required name=search_term_string"}],"inLanguage":"pl-PL"},{"@type":"Organization","@id":"https:\/\/www.outsourcing-iod.pl\/#organization","name":"Outsourcing IOD Inspektor Ochrony Danych","url":"https:\/\/www.outsourcing-iod.pl\/","logo":{"@type":"ImageObject","inLanguage":"pl-PL","@id":"https:\/\/www.outsourcing-iod.pl\/#\/schema\/logo\/image\/","url":"https:\/\/www.outsourcing-iod.pl\/wp-content\/uploads\/2023\/03\/logo.png","contentUrl":"https:\/\/www.outsourcing-iod.pl\/wp-content\/uploads\/2023\/03\/logo.png","width":300,"height":200,"caption":"Outsourcing IOD Inspektor Ochrony Danych"},"image":{"@id":"https:\/\/www.outsourcing-iod.pl\/#\/schema\/logo\/image\/"},"sameAs":["https:\/\/www.facebook.com\/firma.nformatyczna"]},{"@type":"Person","@id":"https:\/\/www.outsourcing-iod.pl\/#\/schema\/person\/3643afd1d0566e598d9217a1c8251a9b","name":"skadmin","image":{"@type":"ImageObject","inLanguage":"pl-PL","@id":"https:\/\/www.outsourcing-iod.pl\/#\/schema\/person\/image\/","url":"https:\/\/secure.gravatar.com\/avatar\/6ccf91462792f93c60bf0f8bd9f3f8a4?s=96&d=mm&r=g","contentUrl":"https:\/\/secure.gravatar.com\/avatar\/6ccf91462792f93c60bf0f8bd9f3f8a4?s=96&d=mm&r=g","caption":"skadmin"},"url":"https:\/\/www.outsourcing-iod.pl\/index.php\/author\/skadmin\/"}]}},"_links":{"self":[{"href":"https:\/\/www.outsourcing-iod.pl\/index.php\/wp-json\/wp\/v2\/posts\/783"}],"collection":[{"href":"https:\/\/www.outsourcing-iod.pl\/index.php\/wp-json\/wp\/v2\/posts"}],"about":[{"href":"https:\/\/www.outsourcing-iod.pl\/index.php\/wp-json\/wp\/v2\/types\/post"}],"author":[{"embeddable":true,"href":"https:\/\/www.outsourcing-iod.pl\/index.php\/wp-json\/wp\/v2\/users\/1"}],"replies":[{"embeddable":true,"href":"https:\/\/www.outsourcing-iod.pl\/index.php\/wp-json\/wp\/v2\/comments?post=783"}],"version-history":[{"count":4,"href":"https:\/\/www.outsourcing-iod.pl\/index.php\/wp-json\/wp\/v2\/posts\/783\/revisions"}],"predecessor-version":[{"id":789,"href":"https:\/\/www.outsourcing-iod.pl\/index.php\/wp-json\/wp\/v2\/posts\/783\/revisions\/789"}],"wp:featuredmedia":[{"embeddable":true,"href":"https:\/\/www.outsourcing-iod.pl\/index.php\/wp-json\/wp\/v2\/media\/380"}],"wp:attachment":[{"href":"https:\/\/www.outsourcing-iod.pl\/index.php\/wp-json\/wp\/v2\/media?parent=783"}],"wp:term":[{"taxonomy":"category","embeddable":true,"href":"https:\/\/www.outsourcing-iod.pl\/index.php\/wp-json\/wp\/v2\/categories?post=783"},{"taxonomy":"post_tag","embeddable":true,"href":"https:\/\/www.outsourcing-iod.pl\/index.php\/wp-json\/wp\/v2\/tags?post=783"}],"curies":[{"name":"wp","href":"https:\/\/api.w.org\/{rel}","templated":true}]}}